{"id":785,"date":"2025-11-22T15:43:12","date_gmt":"2025-11-22T13:43:12","guid":{"rendered":"https:\/\/www.naudotosknygos.lt\/apie-knygas\/?p=785"},"modified":"2026-01-28T16:03:53","modified_gmt":"2026-01-28T14:03:53","slug":"erichas-marija-remarkas-vakaru-fronte-nieko-naujo-karas-be-didvyriu-ir-be-prasmes","status":"publish","type":"post","link":"https:\/\/www.naudotosknygos.lt\/apie-knygas\/erichas-marija-remarkas-vakaru-fronte-nieko-naujo-karas-be-didvyriu-ir-be-prasmes\/","title":{"rendered":"Erichas Marija Remarkas \u2013 \u201eVakar\u0173 fronte nieko naujo\u201c: karas be didvyri\u0173 ir be prasm\u0117s"},"content":{"rendered":"\n<p><a href=\"https:\/\/lt.wikipedia.org\/wiki\/Erich_Maria_Remarque\">Erichas Marija Remarkas<\/a> \u2013 vienas svarbiausi\u0173 XX a. vokie\u010di\u0173 ra\u0161ytoj\u0173, kurio vardas neatsiejamas nuo antimilitaristin\u0117s literat\u016bros. Pats dalyvav\u0119s Pirmajame pasauliniame kare, jis ra\u0161\u0117 ne i\u0161 steb\u0117tojo, o i\u0161 tiesiogin\u0117s patirties pozicijos. Romanas <a href=\"https:\/\/www.naudotosknygos.lt\/knygos\/vakaru-fronte-nieko-naujo-1989\">\u201eVakar\u0173 fronte nieko naujo\u201c<\/a>, pasirod\u0119s 1929 m., suk\u0117l\u0117 mil\u017eini\u0161k\u0105 rezonans\u0105: vieniems tai buvo skaudi tiesa, kitiems \u2013 pavojingas mit\u0173 apie kar\u0105 griovimas.<\/p>\n\n\n\n<p>\u0160i knyga tapo balsu visai kartai, kuri buvo pasi\u0173sta \u012f front\u0105 dar beveik vaikais. Remarkas nesiek\u0117 \u0161okiruoti \u2013 jis tiesiog pasakojo, kaip viskas atrod\u0117 i\u0161 apkas\u0173 pus\u0117s. B\u016btent d\u0117l \u0161io atvirumo romanas iki \u0161iol laikomas vienu svarbiausi\u0173 k\u016brini\u0173 apie kar\u0105.<\/p>\n\n\n\n<h2 class=\"wp-block-heading\">Jaunyst\u0117, nutr\u016bkusi apkasuose<\/h2>\n\n\n\n<p>Pagrindinis romano pasakotojas \u2013 Paulius Boimeris, jaunas vokietis, kartu su klas\u0117s draugais savanori\u0161kai i\u0161\u0117j\u0119s \u012f front\u0105, paveiktas patriotini\u0173 kalb\u0173 ir mokytoj\u0173 \u012fkv\u0117pto idealizmo. Ta\u010diau labai greitai karo realyb\u0117 sunaikina bet kokias iliuzijas.<\/p>\n\n\n\n<p>Frontas \u010dia vaizduojamas ne kaip heroizmo scena, o kaip vieta, kur \u017emogaus vert\u0117 matuojama jo geb\u0117jimu i\u0161gyventi. Kasdienyb\u0119 sudaro purvas, alkis, nuolatin\u0117 mirties gr\u0117sm\u0117 ir vis stipr\u0117jantis atotr\u016bkis nuo ankstesnio gyvenimo. Paulius ir jo bendra\u017eygiai suvokia, kad net jei i\u0161liks gyvi, jie jau niekada nebegr\u012f\u0161 tokie, kokie buvo.<\/p>\n\n\n\n<h2 class=\"wp-block-heading\">Karas kaip tylus naikinimo mechanizmas<\/h2>\n\n\n\n<p>Viena stipriausi\u0173 romano tem\u0173 \u2013 karo beprasmyb\u0117. Remarkas s\u0105moningai vengia dideli\u0173 m\u016b\u0161i\u0173 apra\u0161ym\u0173 ar heroji\u0161k\u0173 scen\u0173. Vietoj to jis rodo monotoni\u0161k\u0105, sekinant\u012f proces\u0105, kuris palaipsniui naikina \u017emog\u0173 i\u0161 vidaus.<\/p>\n\n\n\n<p>Kareiviai \u010dia neturi ai\u0161kaus prie\u0161o veido \u2013 prie\u0161ingoje pus\u0117je esantys kariai tokie pat jauni, tokie pat i\u0161sigand\u0119. Tai leid\u017eia autoriui atskleisti pagrindin\u0119 mint\u012f: karas kyla ne i\u0161 paprast\u0173 \u017emoni\u0173, o i\u0161 sistem\u0173, kurios juos i\u0161naudoja.<\/p>\n\n\n\n<p>Ypating\u0105 viet\u0105 romane u\u017eima draugyst\u0117 \u2013 ji tampa vieninteliu dalyku, leid\u017eian\u010diu i\u0161likti psichologi\u0161kai. Ta\u010diau net ir ji negali apsaugoti nuo nuolatinio netek\u010di\u0173 jausmo.<\/p>\n\n\n\n<h2 class=\"wp-block-heading\">Sugriauta karta ir prarasta ateitis<\/h2>\n\n\n\n<p>\u201eVakar\u0173 fronte nieko naujo\u201c da\u017enai vadinamas romanu apie \u201eprarast\u0105j\u0105 kart\u0105\u201c. Remarkas parodo, kaip karas atima ne tik gyvybes, bet ir ateities galimyb\u0119. Jauni \u017emon\u0117s gr\u012f\u017eta (jei gr\u012f\u017eta) \u012f pasaul\u012f, kuris jiems tapo svetimas. Jie nebesugeba prisitaikyti prie taikaus gyvenimo, nes j\u0173 patirtys per sunkios, o aplinkiniai \u2013 per tolimi.<\/p>\n\n\n\n<p>Tai ne tik istorinis romanas, bet ir gili psichologin\u0117 studija apie traumas, kurios lieka net tada, kai ginklai nutyla. \u0160is aspektas ypa\u010d aktualus ir \u0161iandien, kai vis daugiau kalbama apie karo pasekmes \u017emogaus psichikai.<\/p>\n\n\n\n<h2 class=\"wp-block-heading\">Kam \u0161i knyga paliks stipriausi\u0105 \u012fsp\u016bd\u012f?<\/h2>\n\n\n\n<p>\u0160is romanas ypa\u010d tiks:<\/p>\n\n\n\n<ul class=\"wp-block-list\">\n<li><strong>Istorin\u0117s literat\u016bros skaitytojams<\/strong>, norintiems suprasti Pirm\u0105j\u012f pasaulin\u012f kar\u0105 i\u0161 \u017emogaus perspektyvos.<\/li>\n\n\n\n<li><strong>Psichologini\u0173 roman\u0173 m\u0117g\u0117jams<\/strong>, nes knyga giliai analizuoja vidinius i\u0161gyvenimus.<\/li>\n\n\n\n<li><strong>Jauniems skaitytojams<\/strong>, kuriems svarbu pamatyti, kaip idealizmas susiduria su realybe.<\/li>\n\n\n\n<li><strong>Tiems, kurie ie\u0161ko prasmingos, bet nelengvos literat\u016bros<\/strong>, paliekan\u010dios ilgalaik\u012f emocin\u012f p\u0117dsak\u0105.<\/li>\n<\/ul>\n\n\n\n<p>Tai n\u0117ra lengvas skaitinys \u2013 bet b\u016btent d\u0117l to jis toks svarbus.<\/p>\n\n\n\n<h2 class=\"wp-block-heading\">Kod\u0117l \u0161i\u0105 knyg\u0105 b\u016btina skaityti ir \u0161iandien?<\/h2>\n\n\n\n<p>\u201eVakar\u0173 fronte nieko naujo\u201c nepraranda aktualumo, nes pasaulyje karai nesibaigia. Remarko romanas primena, kad u\u017e politini\u0173 sprendim\u0173 ir strategij\u0173 visada slypi konkret\u016bs \u017emon\u0117s, j\u0173 baim\u0117s, skausmas ir prarastos viltys.<\/p>\n\n\n\n<p>Subjektyviai \u017ei\u016brint, tai viena t\u0173 knyg\u0173, kurios kei\u010dia skaitytojo po\u017ei\u016br\u012f. Ji neleid\u017eia \u017evelgti \u012f kar\u0105 romanti\u0161kai ar pavir\u0161utini\u0161kai. Perskait\u0119s \u0161\u012f roman\u0105 pradedi kitaip vertinti taik\u0105, kasdienyb\u0119 ir net paprast\u0105 tyl\u0105.<\/p>\n\n\n\n<p>Tai knyga, kuri\u0105 verta skaityti ne d\u0117l malonumo, o d\u0117l supratimo. Ir b\u016btent dabar, kai istorija v\u0117l primena apie save, Remarko \u017eod\u017eiai skamba ypa\u010d ai\u0161kiai.<\/p>\n","protected":false},"excerpt":{"rendered":"<p>Erichas Marija Remarkas \u2013 vienas svarbiausi\u0173 XX a. vokie\u010di\u0173 ra\u0161ytoj\u0173, kurio vardas neatsiejamas nuo antimilitaristin\u0117s literat\u016bros. Pats dalyvav\u0119s Pirmajame pasauliniame kare, jis ra\u0161\u0117 ne i\u0161 steb\u0117tojo, o i\u0161 tiesiogin\u0117s patirties pozicijos. Romanas \u201eVakar\u0173 fronte nieko naujo\u201c, pasirod\u0119s 1929 m., suk\u0117l\u0117 mil\u017eini\u0161k\u0105 rezonans\u0105: vieniems tai buvo skaudi tiesa, kitiems \u2013 pavojingas mit\u0173 apie kar\u0105 griovimas.<\/p>\n","protected":false},"author":1,"featured_media":786,"comment_status":"closed","ping_status":"open","sticky":false,"template":"","format":"standard","meta":{"footnotes":""},"categories":[23],"tags":[],"class_list":["post-785","post","type-post","status-publish","format-standard","has-post-thumbnail","hentry","category-knygu-apzvalgos"],"_links":{"self":[{"href":"https:\/\/www.naudotosknygos.lt\/apie-knygas\/wp-json\/wp\/v2\/posts\/785","targetHints":{"allow":["GET"]}}],"collection":[{"href":"https:\/\/www.naudotosknygos.lt\/apie-knygas\/wp-json\/wp\/v2\/posts"}],"about":[{"href":"https:\/\/www.naudotosknygos.lt\/apie-knygas\/wp-json\/wp\/v2\/types\/post"}],"author":[{"embeddable":true,"href":"https:\/\/www.naudotosknygos.lt\/apie-knygas\/wp-json\/wp\/v2\/users\/1"}],"replies":[{"embeddable":true,"href":"https:\/\/www.naudotosknygos.lt\/apie-knygas\/wp-json\/wp\/v2\/comments?post=785"}],"version-history":[{"count":0,"href":"https:\/\/www.naudotosknygos.lt\/apie-knygas\/wp-json\/wp\/v2\/posts\/785\/revisions"}],"wp:featuredmedia":[{"embeddable":true,"href":"https:\/\/www.naudotosknygos.lt\/apie-knygas\/wp-json\/wp\/v2\/media\/786"}],"wp:attachment":[{"href":"https:\/\/www.naudotosknygos.lt\/apie-knygas\/wp-json\/wp\/v2\/media?parent=785"}],"wp:term":[{"taxonomy":"category","embeddable":true,"href":"https:\/\/www.naudotosknygos.lt\/apie-knygas\/wp-json\/wp\/v2\/categories?post=785"},{"taxonomy":"post_tag","embeddable":true,"href":"https:\/\/www.naudotosknygos.lt\/apie-knygas\/wp-json\/wp\/v2\/tags?post=785"}],"curies":[{"name":"wp","href":"https:\/\/api.w.org\/{rel}","templated":true}]}}