{"id":764,"date":"2026-01-07T16:15:05","date_gmt":"2026-01-07T14:15:05","guid":{"rendered":"https:\/\/www.naudotosknygos.lt\/apie-knygas\/?p=764"},"modified":"2026-01-28T16:03:46","modified_gmt":"2026-01-28T14:03:46","slug":"10-ikvepianciu-knygu-apie-ryskias-asmenybes-kurios-pakeite-pasauli","status":"publish","type":"post","link":"https:\/\/www.naudotosknygos.lt\/apie-knygas\/10-ikvepianciu-knygu-apie-ryskias-asmenybes-kurios-pakeite-pasauli\/","title":{"rendered":"10 \u012fkvepian\u010di\u0173 knyg\u0173 apie ry\u0161kias asmenybes, kurios pakeit\u0117 pasaul\u012f"},"content":{"rendered":"\n<p>Ry\u0161kios asmenyb\u0117s visada trauk\u0117 skaitytojus \u2013 ne tik d\u0117l savo pasiekim\u0173, bet ir d\u0117l sud\u0117ting\u0173 vidini\u0173 pasauli\u0173, prie\u0161taravim\u0173 bei dr\u0105sos gyventi pagal savo taisykles. Knygos apie \u017eymias asmenybes leid\u017eia pa\u017evelgti u\u017e vie\u0161o \u012fvaizd\u017eio rib\u0173 ir suprasti, kas slypi u\u017e talento, \u0161lov\u0117s ar galios. Biografijos, memuarai ir dokumentiniai pasakojimai da\u017enai tampa ne tik pa\u017eintimi su istorija, bet ir asmeniniu \u012fkv\u0117pimo \u0161altiniu. Skaitydami apie kit\u0173 \u017emoni\u0173 pasirinkimus, klaidas ir pergales, neretai randame atsakym\u0173 \u012f savus klausimus.<\/p>\n\n\n\n<p>\u0160is <strong>10 knyg\u0173 apie i\u0161skirtines asmenybes<\/strong> s\u0105ra\u0161as skirtas tiems, kurie ie\u0161ko ne pavir\u0161utini\u0161k\u0173 istorij\u0173, o gilesnio santykio su k\u016br\u0117jais, politikais, mokslininkais ir ry\u0161kiomis moterimis. Tai knygos, kurios neidealizuoja, bet leid\u017eia suprasti. Kai kurios j\u0173 skaudina, kitos \u2013 \u017eavi, ta\u010diau visos palieka p\u0117dsak\u0105. Jei domit\u0117s tikromis gyvenimo istorijomis, \u0161is rinkinys kaip tik jums.<\/p>\n\n\n\n<h3 class=\"wp-block-heading\"><strong>Mano istorija \u2013 Michelle Obama<\/strong><\/h3>\n\n\n<div class=\"wp-block-image\">\n<figure class=\"alignleft size-full is-resized\"><a href=\"https:\/\/www.naudotosknygos.lt\/knygos\/mano-istorija\"><img decoding=\"async\" width=\"160\" height=\"228\" src=\"https:\/\/www.naudotosknygos.lt\/apie-knygas\/wp-content\/uploads\/2026\/01\/stiprios-asmenybes05.jpg\" alt=\"\" class=\"wp-image-770\" style=\"width:160px\"\/><\/a><\/figure>\n<\/div>\n\n\n<p>Vienas skaitomiausi\u0173 pastar\u0173j\u0173 met\u0173 memuar\u0173 pasaulyje. Michelle Obama atvirai pasakoja apie savo keli\u0105 nuo kuklios vaikyst\u0117s iki Balt\u0173j\u0173 r\u016bm\u0173. Knygoje daug d\u0117mesio skiriama tapatybei, savivertei ir moters vaidmeniui vie\u0161umoje. Tai labai \u0161ilta, nuo\u0161irdi ir \u012fkvepianti knyga. Ypa\u010d patiks skaitytojoms, kurios domisi lyderyste ir asmeniniu augimu.<\/p>\n\n\n\n<h3 class=\"wp-block-heading\"><strong>Adamkus \u2013 Egidijus Aleksandravi\u010dius<\/strong><\/h3>\n\n\n<div class=\"wp-block-image\">\n<figure class=\"alignleft size-full\"><a href=\"https:\/\/www.naudotosknygos.lt\/knygos\/adamkus\"><img decoding=\"async\" width=\"160\" height=\"240\" src=\"https:\/\/www.naudotosknygos.lt\/apie-knygas\/wp-content\/uploads\/2026\/01\/stiprios-asmenybes07.jpg\" alt=\"\" class=\"wp-image-772\"\/><\/a><\/figure>\n<\/div>\n\n\n<p>Valdo Adamkaus biografija \u2013 tai ne tik vieno \u017emogaus gyvenimo istorija, bet ir visos Lietuvos XX am\u017eiaus kelias. Profesorius Egidijus Aleksandravi\u010dius subtiliai atskleid\u017eia Adamkaus asmenyb\u0119, vengdamas patoso, bet i\u0161laikydamas pagarb\u0105. Knygoje daug d\u0117mesio skiriama lietuvi\u0173 diasporai, politiniams sprendimams ir asmenin\u0117ms vertyb\u0117ms. Tai viena svarbiausi\u0173 knyg\u0173 apie Lietuvos istorines asmenybes. Ji leid\u017eia suprasti, kod\u0117l Adamkus daugeliui tapo pasitik\u0117jimo simboliu. Puikus pasirinkimas ie\u0161kantiems gilesnio politin\u0117s biografijos formato.<\/p>\n\n\n\n<h3 class=\"wp-block-heading\"><strong>\u012estab\u016bs Mard\u017eor\u0117s Post gyvenimai \u2013 Allison Pataki<\/strong><\/h3>\n\n\n<div class=\"wp-block-image\">\n<figure class=\"alignleft size-full\"><a href=\"https:\/\/www.naudotosknygos.lt\/knygos\/istabus-mardzores-post-gyvenimai\"><img decoding=\"async\" width=\"160\" height=\"240\" src=\"https:\/\/www.naudotosknygos.lt\/apie-knygas\/wp-content\/uploads\/2026\/01\/stiprios-asmenybes04.jpg\" alt=\"\" class=\"wp-image-769\"\/><\/a><\/figure>\n<\/div>\n\n\n<p>Istorinis romanas apie vien\u0105 \u012ftakingiausi\u0173 XX am\u017eiaus Amerikos moter\u0173. Mard\u017eor\u0117 Post vaizduojama kaip versli, ambicinga ir emocingai sud\u0117tinga asmenyb\u0117. Autor\u0117 subtiliai nagrin\u0117ja moters viet\u0105 vyri\u0161kame galios pasaulyje. Knyga \u017eavi ne tik prabanga, bet ir vidin\u0117mis heroj\u0117s kovomis. Tai viena \u012fkvepian\u010diausi\u0173 knyg\u0173 apie stiprias moteris. Puikus pasirinkimas ie\u0161kantiems moteri\u0161k\u0173 biografini\u0173 roman\u0173.<\/p>\n\n\n\n<h3 class=\"wp-block-heading\"><strong>Leonardas da Vin\u010dis \u2013 Walter Isaacson<\/strong><\/h3>\n\n\n<div class=\"wp-block-image\">\n<figure class=\"alignleft size-full\"><a href=\"https:\/\/www.naudotosknygos.lt\/knygos\/leonardas-da-vincis\"><img decoding=\"async\" width=\"160\" height=\"223\" src=\"https:\/\/www.naudotosknygos.lt\/apie-knygas\/wp-content\/uploads\/2026\/01\/stiprios-asmenybes09.jpg\" alt=\"\" class=\"wp-image-765\"\/><\/a><\/figure>\n<\/div>\n\n\n<p>I\u0161sami ir gyva vieno did\u017eiausi\u0173 \u017emonijos genij\u0173 biografija. Autorius atskleid\u017eia Leonard\u0105 ne tik kaip meninink\u0105, bet ir kaip smals\u0173, nuolat klausiant\u012f m\u0105stytoj\u0105. Knygoje puikiai susipina menas, mokslas ir asmenin\u0117s abejon\u0117s. Tai pasakojimas apie k\u016brybi\u0161kumo gali\u0105 ir neribot\u0105 smalsum\u0105. Idealus pasirinkimas tiems, kurie m\u0117gsta gilias, intelektualias knygas apie i\u0161skirtines asmenybes.<\/p>\n\n\n\n<h3 class=\"wp-block-heading\"><strong>Dviese. Sofija Smetonien\u0117 ir Jadvyga T\u016bbelien\u0117 \u2013 Ingrida Jakubavi\u010dien\u0117<\/strong><\/h3>\n\n\n<div class=\"wp-block-image\">\n<figure class=\"alignleft size-full\"><a href=\"https:\/\/www.naudotosknygos.lt\/knygos\/dviese-sofija-smetoniene-ir-jadvyga-tubeliene\"><img decoding=\"async\" width=\"160\" height=\"228\" src=\"https:\/\/www.naudotosknygos.lt\/apie-knygas\/wp-content\/uploads\/2026\/01\/stiprios-asmenybes02.jpg\" alt=\"\" class=\"wp-image-767\"\/><\/a><\/figure>\n<\/div>\n\n\n<p>Dvi moterys, kurios dr\u0105siai per\u017eeng\u0117 savo laikme\u010dio ribas. Autor\u0117 atskleid\u017eia j\u0173 ne tik kaip politini\u0173 fig\u016br\u0173 \u017emon\u0173, bet ir kaip savaranki\u0161k\u0173 asmenybi\u0173 portretus. Knyga leid\u017eia pa\u017einti modern\u0117jan\u010di\u0105 Lietuv\u0105 per moter\u0173 patirtis. \u010cia daug kult\u016brinio ir socialinio konteksto. Tai viena \u012fdomiausi\u0173 knyg\u0173 apie istorines Lietuvos moteris. Skaitytoj\u0105 \u017eavi detalumas ir gyvas pasakojimas.<\/p>\n\n\n\n<h3 class=\"wp-block-heading\"><strong>Psichoanalitik\u0117 kalbasi su Marina Abramovi\u0107 \u2013 Jeannette Fischer<\/strong><\/h3>\n\n\n<div class=\"wp-block-image\">\n<figure class=\"alignleft size-full\"><a href=\"https:\/\/www.naudotosknygos.lt\/knygos\/psichoanalitike-kalbasi-su-marina-abramovic\"><img decoding=\"async\" width=\"160\" height=\"229\" src=\"https:\/\/www.naudotosknygos.lt\/apie-knygas\/wp-content\/uploads\/2026\/01\/stiprios-asmenybes06.jpg\" alt=\"\" class=\"wp-image-771\"\/><\/a><\/figure>\n<\/div>\n\n\n<p>Perskai\u010dius Marinos Abramovi\u0107 memuarus, nat\u016braliai norisi dar giliau suprasti jos k\u016brybos \u0161aknis ir vidinius impulsus. \u0160ioje knygoje psichoanalitik\u0117 kalbasi su menininke, analizuodama jos performansus, pasirinkimus ir rib\u0173 lau\u017eym\u0105. Tai ne pavir\u0161inis interviu, o gili psichologin\u0117 studija apie k\u016bn\u0105, skausm\u0105 ir men\u0105. Skaitytojui atsiveria Abramovi\u0107 kaip itin s\u0105moninga, bet kartu traumuota asmenyb\u0117. Knyga ypa\u010d patiks tiems, kurie domisi \u0161iuolaikiniu menu ir \u017emogaus psichologija. Tai puikus pavyzdys, kaip knygos apie menininkus gali tapti savoti\u0161ku dialogu su skaitytoju.<\/p>\n\n\n\n<h3 class=\"wp-block-heading\"><strong>Skurdo vaikas \u2013 Katriona O\u2019Sullivan<\/strong><\/h3>\n\n\n<div class=\"wp-block-image\">\n<figure class=\"alignleft size-full\"><a href=\"https:\/\/www.naudotosknygos.lt\/knygos\/skurdo-vaikas-apie-atkakluma-drasa-ir-tikejimo-savimi-verte\"><img decoding=\"async\" width=\"160\" height=\"239\" src=\"https:\/\/www.naudotosknygos.lt\/apie-knygas\/wp-content\/uploads\/2026\/01\/skurdo-vaikas-apie-atkakluma-drasa-ir-tikejimo-savimi-verte-1.jpg\" alt=\"\" class=\"wp-image-776\"\/><\/a><\/figure>\n<\/div>\n\n\n<p>Skaudi, bet nepaprastai \u012fkvepianti gyvenimo istorija apie i\u0161tr\u016bkim\u0105 i\u0161 skurdo ir smurto. Autor\u0117 atvirai kalba apie patirtas traumas ir sistemines problemas. \u0160i knyga parodo, kaip vienas \u017emogus, padedamas kit\u0173, gali pakeisti savo likim\u0105. Tai ne tik autobiografija, bet ir socialinis liudijimas. Knyga palie\u010dia ir ilgai nepaleid\u017eia. Ypa\u010d rekomenduojama tiems, kurie ie\u0161ko tikr\u0173, nepaglostyt\u0173 istorij\u0173.<\/p>\n\n\n\n<h3 class=\"wp-block-heading\"><strong>A\u0161 esu Malala \u2013 Malala Yousafzai<\/strong><\/h3>\n\n\n<div class=\"wp-block-image\">\n<figure class=\"alignleft size-full\"><a href=\"https:\/\/www.naudotosknygos.lt\/knygos\/as-esu-malala\"><img decoding=\"async\" width=\"160\" height=\"240\" src=\"https:\/\/www.naudotosknygos.lt\/apie-knygas\/wp-content\/uploads\/2026\/01\/stiprios-asmenybes08.jpg\" alt=\"\" class=\"wp-image-773\"\/><\/a><\/figure>\n<\/div>\n\n\n<p>Tai viena \u012ftaigiausi\u0173 \u0161iuolaikini\u0173 knyg\u0173 apie dr\u0105s\u0105 ir vertybes. Malala pasakoja apie savo vaikyst\u0119 Pakistane, kov\u0105 u\u017e mergai\u010di\u0173 teis\u0119 mokytis ir patirt\u0105 pasik\u0117sinim\u0105 \u012f gyvyb\u0119. Knyga leid\u017eia suvokti, kaip jauna asmenyb\u0117 gali tapti pasaulinio masto simboliu. Tai ne tik politin\u0117, bet ir labai \u017emogi\u0161ka istorija. Puikus pasirinkimas ie\u0161kantiems knyg\u0173 apie stiprias, pasaul\u012f kei\u010dian\u010dias asmenybes.<\/p>\n\n\n\n<h3 class=\"wp-block-heading\"><strong>Dienora\u0161tis \u2013 Ana Frank<\/strong><\/h3>\n\n\n<div class=\"wp-block-image\">\n<figure class=\"alignleft size-full\"><a href=\"https:\/\/www.naudotosknygos.lt\/knygos\/ana-frank-dienorastis\"><img decoding=\"async\" width=\"160\" height=\"249\" src=\"https:\/\/www.naudotosknygos.lt\/apie-knygas\/wp-content\/uploads\/2026\/01\/stiprios-asmenybes01.jpg\" alt=\"\" class=\"wp-image-766\"\/><\/a><\/figure>\n<\/div>\n\n\n<p>Tai viena jautriausi\u0173 ir svarbiausi\u0173 XX am\u017eiaus knyg\u0173 apie asmenyb\u0119, kurios balsas tapo viso laikme\u010dio simboliu. Anne Frank dienora\u0161tis atskleid\u017eia ne tik istorines Holokausto aplinkybes, bet ir brand\u0173, jautr\u0173 jaunos merginos vidin\u012f pasaul\u012f. Skaitytoj\u0105 sukre\u010dia tai, kaip daug i\u0161minties, humoro ir vilties telpa tokio jauno \u017emogaus mintyse. \u0160i knyga leid\u017eia pa\u017einti asmenyb\u0119, kuri netur\u0117jo galimyb\u0117s subr\u0119sti, bet paliko nei\u0161dildom\u0105 p\u0117dsak\u0105 \u017emonijos atmintyje. Tai pasakojimas apie \u017emogi\u0161kum\u0105, kuris i\u0161lieka net tamsiausiais laikais.<\/p>\n\n\n\n<h3 class=\"wp-block-heading\"><strong>Ein\u0161teinas. Laike ir erdv\u0117je \u2013 Samuel Graydon<\/strong><\/h3>\n\n\n<div class=\"wp-block-image\">\n<figure class=\"alignleft size-full\"><a href=\"https:\/\/www.naudotosknygos.lt\/knygos\/einsteinas-laike-ir-erdveje\"><img decoding=\"async\" width=\"160\" height=\"239\" src=\"https:\/\/www.naudotosknygos.lt\/apie-knygas\/wp-content\/uploads\/2026\/01\/stiprios-asmenybes03.jpg\" alt=\"\" class=\"wp-image-768\"\/><\/a><\/figure>\n<\/div>\n\n\n<p>Netik\u0117tas ir gyvas pasakojimas apie Albert\u0105 Ein\u0161tein\u0105. Autorius pasirenka epizodin\u0119 strukt\u016br\u0105, leid\u017eian\u010di\u0105 pa\u017einti mokslinink\u0105 kaip \u017emog\u0173. \u010cia daug ma\u017eai \u017einom\u0173 fakt\u0173, humoro ir netik\u0117t\u0173 detali\u0173. Knyga griauna genijaus mit\u0105, bet jo nesumenkina. Tai puikus pasirinkimas ie\u0161kantiems ne sausos biografijos. Mokslas \u010dia tampa artimas ir \u017emogi\u0161kas.<\/p>\n\n\n\n<h3 class=\"wp-block-heading\">Baigiamasis \u017eodis<\/h3>\n\n\n\n<p>Knygos apie ry\u0161kias asmenybes leid\u017eia ne tik pa\u017einti istorij\u0105, bet ir geriau suprasti save. Jose slypi patirtys, kurios \u012fkvepia, moko ir kartais persp\u0117ja. Nesvarbu, ar jus domina menas, politika, mokslas ar stiprios moterys \u2013 tokie pasakojimai visada randa keli\u0105 \u012f skaitytojo \u0161ird\u012f. Jei ie\u0161kote prasming\u0173 skaitini\u0173, \u0161is <strong>10 geriausi\u0173 knyg\u0173 apie asmenybes<\/strong> s\u0105ra\u0161as gali tapti puikiu atspirties ta\u0161ku. O geriausia \u2013 daugel\u012f j\u0173 galite rasti ir antram gyvenimui prikelti NaudotosKnygos.lt.<\/p>\n","protected":false},"excerpt":{"rendered":"<p>\u0160is 10 knyg\u0173 apie i\u0161skirtines asmenybes s\u0105ra\u0161as skirtas tiems, kurie ie\u0161ko ne pavir\u0161utini\u0161k\u0173 istorij\u0173, o gilesnio santykio su k\u016br\u0117jais, politikais, mokslininkais ir ry\u0161kiomis moterimis. Tai knygos, kurios neidealizuoja, bet leid\u017eia suprasti. Kai kurios j\u0173 skaudina, kitos \u2013 \u017eavi, ta\u010diau visos palieka p\u0117dsak\u0105. Jei domit\u0117s tikromis gyvenimo istorijomis, \u0161is rinkinys kaip tik jums.<\/p>\n","protected":false},"author":1,"featured_media":779,"comment_status":"closed","ping_status":"open","sticky":false,"template":"","format":"standard","meta":{"footnotes":""},"categories":[16],"tags":[],"class_list":["post-764","post","type-post","status-publish","format-standard","has-post-thumbnail","hentry","category-knygos"],"_links":{"self":[{"href":"https:\/\/www.naudotosknygos.lt\/apie-knygas\/wp-json\/wp\/v2\/posts\/764","targetHints":{"allow":["GET"]}}],"collection":[{"href":"https:\/\/www.naudotosknygos.lt\/apie-knygas\/wp-json\/wp\/v2\/posts"}],"about":[{"href":"https:\/\/www.naudotosknygos.lt\/apie-knygas\/wp-json\/wp\/v2\/types\/post"}],"author":[{"embeddable":true,"href":"https:\/\/www.naudotosknygos.lt\/apie-knygas\/wp-json\/wp\/v2\/users\/1"}],"replies":[{"embeddable":true,"href":"https:\/\/www.naudotosknygos.lt\/apie-knygas\/wp-json\/wp\/v2\/comments?post=764"}],"version-history":[{"count":0,"href":"https:\/\/www.naudotosknygos.lt\/apie-knygas\/wp-json\/wp\/v2\/posts\/764\/revisions"}],"wp:featuredmedia":[{"embeddable":true,"href":"https:\/\/www.naudotosknygos.lt\/apie-knygas\/wp-json\/wp\/v2\/media\/779"}],"wp:attachment":[{"href":"https:\/\/www.naudotosknygos.lt\/apie-knygas\/wp-json\/wp\/v2\/media?parent=764"}],"wp:term":[{"taxonomy":"category","embeddable":true,"href":"https:\/\/www.naudotosknygos.lt\/apie-knygas\/wp-json\/wp\/v2\/categories?post=764"},{"taxonomy":"post_tag","embeddable":true,"href":"https:\/\/www.naudotosknygos.lt\/apie-knygas\/wp-json\/wp\/v2\/tags?post=764"}],"curies":[{"name":"wp","href":"https:\/\/api.w.org\/{rel}","templated":true}]}}